{"id":2111,"date":"2023-09-26T09:22:03","date_gmt":"2023-09-26T09:22:03","guid":{"rendered":"https:\/\/loisdumonde.com\/?p=2111"},"modified":"2023-09-26T09:22:03","modified_gmt":"2023-09-26T09:22:03","slug":"affaire-dagli-et-autres-c-turkiye-25820-18-et-89-autres","status":"publish","type":"post","link":"https:\/\/loisdumonde.com\/?p=2111","title":{"rendered":"AFFAIRE DA\u011eLI ET AUTRES c. T\u00dcRK\u0130YE &#8211; 25820\/18 et 89 autres"},"content":{"rendered":"<p><span style=\"color: #800000;\">Les pr\u00e9sentes requ\u00eates portent sur l\u2019enregistrement de la correspondance des requ\u00e9rants, au cours de leur d\u00e9tention, dans le syst\u00e8me informatique UYAP (\u00ab\u00a0Ulusal Yarg\u0131 A\u011f\u0131 Bili\u015fim Sistemi\u00a0\u00bb \u2013 Syst\u00e8me Informatique du R\u00e9seau Judiciaire National).<\/span><!--more--><\/p>\n<hr \/>\n<p style=\"text-align: center;\">DEUXI\u00c8ME SECTION<br \/>\n<strong>AFFAIRE DA\u011eLI ET AUTRES c. T\u00dcRK\u0130YE<\/strong><br \/>\n<em>(Requ\u00eate no 25820\/18 et 89 autres \u2013 voir liste en annexe)<\/em><br \/>\nARR\u00caT<br \/>\nSTRASBOURG<br \/>\n26 septembre 2023<\/p>\n<p>Cet arr\u00eat est d\u00e9finitif. Il peut subir des retouches de forme.<\/p>\n<p><strong>En l\u2019affaire Da\u011fl\u0131 et autres c. T\u00fcrkiye,<\/strong><\/p>\n<p>La Cour europ\u00e9enne des droits de l\u2019homme (deuxi\u00e8me section), si\u00e9geant en un comit\u00e9 compos\u00e9 de\u00a0:<br \/>\nEgidijus K\u016bris, pr\u00e9sident,<br \/>\nPauliine Koskelo,<br \/>\nFr\u00e9d\u00e9ric Krenc, juges,<br \/>\net de Dorothee von Arnim, greffi\u00e8re adjointe de section,<\/p>\n<p>Vu\u00a0:<\/p>\n<p>les requ\u00eates dirig\u00e9es contre la R\u00e9publique de T\u00fcrkiye dont la Cour a \u00e9t\u00e9 saisie en vertu de l\u2019article\u00a034 de la Convention de sauvegarde des droits de l\u2019homme et des libert\u00e9s fondamentales (\u00ab\u00a0la Convention\u00a0\u00bb) par quatre\u2011vingt\u2011dix ressortissants de cet \u00c9tat dont les noms et renseignements figurent dans la liste A en annexe (\u00ab\u00a0les requ\u00e9rants\u00a0\u00bb), aux dates qui y sont indiqu\u00e9es,<\/p>\n<p>la d\u00e9cision de porter \u00e0 la connaissance du gouvernement turc (\u00ab\u00a0le Gouvernement\u00a0\u00bb), repr\u00e9sent\u00e9 par son agent, M. Hac\u0131 Ali A\u00e7\u0131kg\u00fcl, chef du service des droits de l\u2019homme au minist\u00e8re de la Justice de T\u00fcrkiye, le grief tir\u00e9 de l\u2019article 8 de la Convention concernant l\u2019enregistrement de la correspondance des requ\u00e9rants dans le syst\u00e8me informatique UYAP et de d\u00e9clarer irrecevable le surplus des requ\u00eates,<\/p>\n<p>les observations des parties,<\/p>\n<p>la d\u00e9cision par laquelle la Cour a rejet\u00e9 l\u2019opposition du Gouvernement \u00e0 l\u2019examen des requ\u00eates par un comit\u00e9,<\/p>\n<p>Apr\u00e8s en avoir d\u00e9lib\u00e9r\u00e9 en chambre du conseil le 5 septembre 2023,<\/p>\n<p>Rend l\u2019arr\u00eat que voici, adopt\u00e9 \u00e0 cette date\u00a0:<\/p>\n<p><strong>OBJET DE L\u2019AFFAIRE<\/strong><\/p>\n<p>1. Les pr\u00e9sentes requ\u00eates portent sur l\u2019enregistrement de la correspondance des requ\u00e9rants, au cours de leur d\u00e9tention, dans le syst\u00e8me informatique UYAP (\u00ab\u00a0Ulusal Yarg\u0131 A\u011f\u0131 Bili\u015fim Sistemi\u00a0\u00bb \u2013 Syst\u00e8me Informatique du R\u00e9seau Judiciaire National).<\/p>\n<p>2. \u00c0 l\u2019\u00e9poque des faits, les requ\u00e9rants \u00e9taient d\u00e9tenus au sein de diff\u00e9rentes prisons en T\u00fcrkiye.<\/p>\n<p>3. Au cours de leur d\u00e9tention, les requ\u00e9rants saisirent les instances judiciaires comp\u00e9tentes (juge de l\u2019ex\u00e9cution et cour d\u2019assises) pour demander qu\u2019il soit mis un terme \u00e0 la pratique consistant \u00e0 enregistrer syst\u00e9matiquement leur correspondance \u2013 aussi bien celle qu\u2019ils voulaient exp\u00e9dier que celle qui leur \u00e9tait envoy\u00e9e \u2013 dans le syst\u00e8me UYAP (voir, pour de plus amples informations sur cette pratique, Nuh Uzun et autres c. Turquie, nos\u00a049341\/18 et 13 autres, \u00a7\u00a7 11-26, 29 mars 2022).<\/p>\n<p>4. Les juridictions internes ainsi saisies rejet\u00e8rent les demandes des requ\u00e9rants. Ensuite, la Cour constitutionnelle rejeta leurs recours individuels en estimant, dans la plupart des affaires, que leurs griefs tir\u00e9s du droit au respect de la vie priv\u00e9e et\/ou familiale et\/ou de la correspondance \u00e9taient manifestement mal fond\u00e9s, ou en consid\u00e9rant, dans l\u2019une des affaires, que le requ\u00e9rant n\u2019avait pas \u00e9t\u00e9 directement et personnellement affect\u00e9 par la mesure dont il se plaignait (incompatibilit\u00e9 ratione personae), ou en concluant, dans une autre affaire, \u00e0 la non-violation du droit du requ\u00e9rant au respect de la vie priv\u00e9e et de la correspondance.<\/p>\n<p><strong>APPR\u00c9CIATION DE LA COUR<\/strong><\/p>\n<p><strong>I. JONCTION DES REQU\u00caTES<\/strong><\/p>\n<p>5. Eu \u00e9gard \u00e0 la similarit\u00e9 de l\u2019objet des requ\u00eates, la Cour juge opportun de les examiner ensemble dans un arr\u00eat unique.<\/p>\n<p><strong>II. SUR LA VIOLATION ALL\u00c9GU\u00c9E DE L\u2019ARTICLE 8 DE LA CONVENTION<\/strong><\/p>\n<p>6. Les requ\u00e9rants all\u00e8guent que l\u2019enregistrement de leur correspondance dans le syst\u00e8me UYAP porte atteinte \u00e0 leurs droits garantis par l\u2019article 8 de la Convention.<\/p>\n<p>7. Le Gouvernement soul\u00e8ve les m\u00eames exceptions pr\u00e9liminaires que celles qu\u2019il avait pr\u00e9sent\u00e9es dans l\u2019affaire Nuh Uzun et autres (pr\u00e9cit\u00e9e, \u00a7\u00a7\u00a029\u201134) concernant le non\u2011\u00e9puisement des voies de recours internes, l\u2019absence de qualit\u00e9 de victime des requ\u00e9rants et le caract\u00e8re manifestement mal fond\u00e9 des requ\u00eates. En ce qui concerne les deux premi\u00e8res exceptions, il ajoute que dans trois des pr\u00e9sentes requ\u00eates (requ\u00eates nos 33531\/20, 40268\/20 et 54838\/20), les juges de l\u2019ex\u00e9cution ont \u00e9cart\u00e9 les demandes des requ\u00e9rants sans statuer sur le fond et invite la Cour \u00e0 d\u00e9terminer si tous les requ\u00e9rants se plaignent de l\u2019enregistrement de certaines correspondances sp\u00e9cifiques ou s\u2019ils contestent plut\u00f4t les \u00e9crits de la direction g\u00e9n\u00e9rale des prisons et des maisons d\u2019arr\u00eat portant sur la pratique litigieuse. Dans le cadre de son exception tir\u00e9e de l\u2019absence de qualit\u00e9 de victime, le Gouvernement ajoute \u00e9galement que conform\u00e9ment aux modifications apport\u00e9es \u00e0 la l\u00e9gislation pertinente, toute correspondance enregistr\u00e9e dans le syst\u00e8me UYAP qui n\u2019avait pas fait l\u2019objet d\u2019une enqu\u00eate ou d\u2019une poursuite au bout d\u2019un an a \u00e9t\u00e9 effac\u00e9e le 29 mars 2022. Il invite \u00e9galement la Cour \u00e0 d\u00e9terminer si tous les requ\u00e9rants contestent la base l\u00e9gale de la pratique litigieuse devant la Cour.<\/p>\n<p>8. Le Gouvernement argue ensuite de l\u2019absence de pr\u00e9judice important, en faisant valoir notamment la suppression de la correspondance pr\u00e9c\u00e9demment enregistr\u00e9e et le fait qu\u2019un nombre limit\u00e9 de personnes avait acc\u00e8s \u00e0 cette correspondance.<\/p>\n<p>9. Le Gouvernement indique enfin qu\u2019il convient d\u2019examiner les requ\u00eates en ayant \u00e0 l\u2019esprit l\u2019avis de d\u00e9rogation communiqu\u00e9 le 21 juillet 2016 par la T\u00fcrkiye au titre de l\u2019article 15 de la Convention.<\/p>\n<p>10. La Cour rappelle avoir d\u00e9j\u00e0 rejet\u00e9, dans l\u2019affaire Nuh Uzun et autres, pr\u00e9cit\u00e9e, les m\u00eames exceptions pr\u00e9liminaires que celles pr\u00e9sent\u00e9es au paragraphe\u00a07 ci-dessus (ibidem, \u00a7\u00a7 40-44 et 82). En ce qui concerne l\u2019argument suppl\u00e9mentaire du Gouvernement qui invite la Cour \u00e0 d\u00e9terminer si tous les requ\u00e9rants se plaignent de l\u2019enregistrement de certaines correspondances sp\u00e9cifiques, la Cour rel\u00e8ve que les requ\u00e9rants ont suffisamment d\u00e9montr\u00e9 qu\u2019en raison de leur situation personnelle en tant que d\u00e9tenus \u00e0 l\u2019\u00e9poque des faits, ils faisaient partie d\u2019une cat\u00e9gorie de personnes risquant de subir directement les effets de la l\u00e9gislation (paragraphe\u00a03<br \/>\nci-dessus\u00a0; voir aussi, mutatis mutandis, Michaud c. France, no\u00a012323\/11, \u00a7\u00a7\u00a051-52, CEDH 2012, et Roman Zakharov c. Russie [GC], no\u00a047143\/06, \u00a7\u00a0171, CEDH 2015). Par ailleurs, la Cour note, comme\u00a0le soulignent certains requ\u00e9rants, que la pratique litigieuse pouvait conduire les requ\u00e9rants \u00e0 se restreindre dans le partage d\u2019informations priv\u00e9es dans leur correspondance avec leurs familles et leurs proches. Quant \u00e0 la suppression subs\u00e9quente de la correspondance enregistr\u00e9e dans le syst\u00e8me UYAP, la Cour note que cela ne suffit pas en soi \u00e0 priver les requ\u00e9rants de la qualit\u00e9 de \u00ab\u00a0victime\u00a0\u00bb aux fins de l\u2019article 34 de la Convention, en l\u2019absence d\u2019une reconnaissance d\u2019une violation de la Convention par les autorit\u00e9s nationales (voir, mutatis mutandis, Selahattin Demirta\u015f c. Turquie (no 2) [GC], no 14305\/17, \u00a7\u00a0218, 22\u00a0d\u00e9cembre 2020, et les r\u00e9f\u00e9rences qui y sont cit\u00e9es). En outre, pour autant que le Gouvernement invite la Cour \u00e0 d\u00e9terminer si tous les requ\u00e9rants contestent la base l\u00e9gale de la pratique litigieuse devant elle, la Cour consid\u00e8re que cette circonstance est sans incidence sur la qualit\u00e9 de victime des requ\u00e9rants. Elle note, en tout \u00e9tat de cause, que les requ\u00e9rants ne sont pas tenus de contester explicitement la base l\u00e9gale de la pratique litigieuse dans la mesure o\u00f9 ils all\u00e8guent que la pratique litigieuse porte atteinte \u00e0 leurs droits garantis par l\u2019article 8 de la Convention (paragraphe 6 ci-dessus).<\/p>\n<p>11. S\u2019agissant de l\u2019argument du Gouvernement selon lequel les recours en opposition form\u00e9s par certains requ\u00e9rants contre la pratique litigieuse ont \u00e9t\u00e9 rejet\u00e9s sans examen au fond, la Cour observe que les juges de l\u2019ex\u00e9cution ont rejet\u00e9 ces recours en estimant notamment que l\u2019examen de ladite pratique ne relevait pas de leur comp\u00e9tence. \u00c0 cet \u00e9gard, la Cour rappelle avoir d\u00e9j\u00e0 conclu dans l\u2019affaire Nuh Uzun et autres (pr\u00e9cit\u00e9e, \u00a7\u00a7 5-6 et 41), que les int\u00e9ress\u00e9s qui avaient emprunt\u00e9 les m\u00eames voies de recours que celles utilis\u00e9es dans la pr\u00e9sente affaire avaient fourni aux juridictions internes l\u2019occasion de rem\u00e9dier \u00e0 la violation all\u00e9gu\u00e9e. Au demeurant, la Cour constitutionnelle n\u2019a pas rejet\u00e9 les requ\u00eates individuelles devant elle pour non-\u00e9puisement des recours disponibles (paragraphe 4 ci-dessus\u00a0; voir aussi Nuh Uzun et autres, pr\u00e9cit\u00e9, \u00a7 41). Dans ces conditions, la Cour ne voit aucune raison de s\u2019\u00e9carter des conclusions qu\u2019elle a tir\u00e9es dans l\u2019affaire Nuh Uzun et autres, pr\u00e9cit\u00e9e, concernant les trois premi\u00e8res exceptions du Gouvernement expos\u00e9es au paragraphe 7 ci\u2011dessus.<\/p>\n<p>12. S\u2019agissant de l\u2019exception tir\u00e9e de l\u2019absence de pr\u00e9judice important, la Cour ne saurait conclure que les requ\u00e9rants n\u2019ont pas subi un tel pr\u00e9judice, \u00e9tant donn\u00e9 que la correspondance des requ\u00e9rants pouvait contenir des informations \u00e0 caract\u00e8re personnel relevant de la protection de leur vie priv\u00e9e et que cette correspondance pouvait \u00eatre conserv\u00e9e pendant un laps de temps consid\u00e9rable dans le syst\u00e8me UYAP (voir, mutatis mutandis, Nuh Uzun et autres, pr\u00e9cit\u00e9, \u00a7 82).<\/p>\n<p>13. Au vu de ce qui pr\u00e9c\u00e8de, la Cour rejette les exceptions pr\u00e9liminaires soulev\u00e9es par le Gouvernement. Constatant par ailleurs que les requ\u00eates ne sont pas manifestement mal fond\u00e9es ni irrecevables pour un autre motif vis\u00e9 \u00e0 l\u2019article 35 de la Convention, la Cour les d\u00e9clare recevables.<\/p>\n<p>14. Quant au fond, la Cour rappelle avoir conclu, dans l\u2019affaire Nuh Uzun et autres, pr\u00e9cit\u00e9e, \u00e0 la violation de l\u2019article 8 de la Convention au motif que l\u2019enregistrement de la correspondance des d\u00e9tenus dans le syst\u00e8me UYAP ne pouvait \u00eatre consid\u00e9r\u00e9 comme ayant \u00e9t\u00e9 \u00ab\u00a0pr\u00e9vu par la loi\u00a0\u00bb au sens de cette disposition (ibidem, \u00a7\u00a7 79 \u00e0 99). Apr\u00e8s avoir examin\u00e9 tous les \u00e9l\u00e9ments qui lui ont \u00e9t\u00e9 soumis, la Cour ne voit aucune raison de parvenir \u00e0 une conclusion diff\u00e9rente en l\u2019esp\u00e8ce. Enfin, s\u2019agissant de l\u2019argument du Gouvernement tir\u00e9 de l\u2019avis de d\u00e9rogation notifi\u00e9 au titre de l\u2019article 15 de la Convention, la Cour consid\u00e8re que la mesure litigieuse, qui n\u2019\u00e9tait pas \u00ab\u00a0pr\u00e9vue par la loi\u00a0\u00bb, ne se justifie pas au regard des circonstances sp\u00e9ciales de l\u2019\u00e9tat d\u2019urgence (voir, mutatis mutandis, Ba\u015f c. Turquie, no 66448\/17, \u00a7 161, 3 mars 2020, et Pi\u015fkin c.\u00a0Turquie, no 33399\/18, \u00a7 229, 15 d\u00e9cembre 2020).<\/p>\n<p>15. Partant, il y a eu violation de l\u2019article 8 de la Convention.<\/p>\n<p><strong>APPLICATION DE L\u2019ARTICLE\u00a041 DE LA CONVENTION<\/strong><\/p>\n<p>16. Les requ\u00e9rants r\u00e9clament divers montants au titre du dommage mat\u00e9riel et\/ou moral qu\u2019ils estiment avoir subi et des frais et d\u00e9pens qu\u2019ils disent avoir engag\u00e9s devant les juridictions internes et\/ou devant la Cour.<\/p>\n<p>17. Le Gouvernement conteste ces pr\u00e9tentions.<\/p>\n<p>18. La Cour ne distingue aucun lien de causalit\u00e9 entre la violation constat\u00e9e et le dommage mat\u00e9riel all\u00e9gu\u00e9. Elle rejette donc les demandes formul\u00e9es \u00e0 ce titre. La Cour estime en outre que le constat de violation figurant dans le pr\u00e9sent arr\u00eat fournit par lui-m\u00eame une satisfaction \u00e9quitable suffisante pour tout pr\u00e9judice moral subi par les requ\u00e9rants (voir \u00e9galement Nuh Uzun et autres, pr\u00e9cit\u00e9, \u00a7 111).<\/p>\n<p>19. Enfin, compte tenu des documents en sa possession, la Cour juge raisonnable d\u2019allouer \u00e0 chacun des requ\u00e9rants figurant dans la liste B en annexe la somme forfaitaire de 500 euros (EUR) \u00e0 titre de frais et d\u00e9pens, plus tout montant pouvant \u00eatre d\u00fb sur cette somme \u00e0 titre d\u2019imp\u00f4t (voir \u00e9galement ibidem, \u00a7 114). Par ailleurs, elle alloue au m\u00eame titre 5\u00a0EUR \u00e0 chacun des requ\u00e9rants Mustafa \u00d6zkan et Mehmet Polat (requ\u00eates nos\u00a055274\/18 et 58736\/19), 30\u00a0EUR \u00e0 Enes Y\u0131lmaz (requ\u00eate no\u00a019118\/21), 50\u00a0EUR \u00e0 Erdin\u00e7 Zincirk\u0131ran (requ\u00eate no 27574\/20), et 25 EUR \u00e0 \u0130dris Bi\u00e7ici (requ\u00eate no 45152\/20), plus tout montant pouvant \u00eatre d\u00fb sur ces sommes \u00e0 titre d\u2019imp\u00f4t. En revanche, il convient de rejeter les autres pr\u00e9tentions des requ\u00e9rants pr\u00e9sent\u00e9es aux titres des frais et d\u00e9pens, eu \u00e9gard \u00e0 l\u2019absence de justificatifs pertinents.<\/p>\n<p><strong>PAR CES MOTIFS, LA COUR, \u00c0 L\u2019UNANIMIT\u00c9,<\/strong><\/p>\n<p>1. D\u00e9cide de joindre les requ\u00eates\u00a0;<\/p>\n<p>2. D\u00e9clare les requ\u00eates recevables\u00a0;<\/p>\n<p>3. Dit qu\u2019il y a eu violation de l\u2019article 8 de la Convention\u00a0;<\/p>\n<p>4. Dit que le constat de violation vaut en lui-m\u00eame satisfaction \u00e9quitable suffisante pour tout dommage moral subi par les requ\u00e9rants\u00a0;<\/p>\n<p>5. Dit<\/p>\n<p>a) que l\u2019\u00c9tat d\u00e9fendeur doit verser, dans un d\u00e9lai de trois mois, 500\u00a0EUR (cinq cents euros) \u00e0 chacun des requ\u00e9rants figurant dans la liste B en annexe, 5\u00a0EUR (cinq euros) \u00e0 chacun des requ\u00e9rants Mustafa \u00d6zkan et Mehmet Polat (requ\u00eates nos 55274\/18 et 58736\/19), 30 EUR (trente euros) \u00e0 Enes Y\u0131lmaz (requ\u00eate no 19118\/21), 50\u00a0EUR (cinquante euros) \u00e0 Erdin\u00e7 Zincirk\u0131ran (requ\u00eate no 27574\/20), et 25\u00a0EUR (vingt\u2011cinq euros) \u00e0 \u0130dris Bi\u00e7ici (requ\u00eate no 45152\/20), plus tout montant pouvant \u00eatre d\u00fb sur ces sommes \u00e0 titre d\u2019imp\u00f4t, pour frais et d\u00e9pens, \u00e0 convertir dans la monnaie de l\u2019\u00c9tat d\u00e9fendeur au taux applicable \u00e0 la date du r\u00e8glement\u00a0;<\/p>\n<p>b) qu\u2019\u00e0 compter de l\u2019expiration dudit d\u00e9lai et jusqu\u2019au versement, ces montants seront \u00e0 majorer d\u2019un int\u00e9r\u00eat simple \u00e0 un taux \u00e9gal \u00e0 celui de la facilit\u00e9 de pr\u00eat marginal de la Banque centrale europ\u00e9enne applicable pendant cette p\u00e9riode, augment\u00e9 de trois points de pourcentage\u00a0;<\/p>\n<p>6. Rejette le surplus de la demande de satisfaction \u00e9quitable.<\/p>\n<p>Fait en fran\u00e7ais, puis communiqu\u00e9 par \u00e9crit le 26 septembre 2023, en application de l\u2019article\u00a077\u00a0\u00a7\u00a7\u00a02 et\u00a03 du r\u00e8glement.<\/p>\n<p>Dorothee von Arnim \u00a0 \u00a0 \u00a0 \u00a0 \u00a0 \u00a0 \u00a0 \u00a0Egidijus K\u016bris<br \/>\nGreffi\u00e8re adjointe \u00a0\u00a0\u00a0\u00a0\u00a0\u00a0\u00a0\u00a0\u00a0\u00a0\u00a0\u00a0\u00a0\u00a0\u00a0\u00a0\u00a0\u00a0\u00a0\u00a0\u00a0 Pr\u00e9sident<\/p>\n<p>____________<\/p>\n<p style=\"text-align: center;\"><strong>ANNEXE\u00a0: LISTE A<\/strong><\/p>\n<p>Liste des requ\u00eates<\/p>\n<table>\n<thead>\n<tr>\n<td><strong>N<sup>o<\/sup><\/strong><\/td>\n<td width=\"98\"><strong>Requ\u00eate N<sup>o<\/sup><\/strong><\/td>\n<td width=\"149\"><strong>Nom de l\u2019affaire<\/strong><\/td>\n<td width=\"115\"><strong>Introduite le<\/strong><\/td>\n<td width=\"198\"><strong>Requ\u00e9rant<br \/>\nAnn\u00e9e de naissance<br \/>\nLieu de r\u00e9sidence<\/strong><\/td>\n<td width=\"224\"><strong>Repr\u00e9sent\u00e9 par<\/strong><\/td>\n<\/tr>\n<\/thead>\n<tbody>\n<tr>\n<td>1.<\/td>\n<td width=\"98\">25820\/18<\/td>\n<td width=\"149\">Da\u011fl\u0131 c. T\u00fcrkiye<\/td>\n<td width=\"115\">13\/11\/2017<\/td>\n<td width=\"198\"><strong>Hakk\u0131 DA\u011eLI<\/strong><br \/>\n1980<br \/>\nAksaray<\/td>\n<td width=\"224\">Kerimhan DA\u011eLI<\/td>\n<\/tr>\n<tr>\n<td>2.<\/td>\n<td width=\"98\">55274\/18<\/td>\n<td width=\"149\">\u00d6zkan c. T\u00fcrkiye<\/td>\n<td width=\"115\">09\/11\/2018<\/td>\n<td width=\"198\"><strong>Mustafa \u00d6ZKAN<\/strong><br \/>\n1983<br \/>\nKonya<\/td>\n<td width=\"224\"><\/td>\n<\/tr>\n<tr>\n<td>3.<\/td>\n<td width=\"98\">57124\/18<\/td>\n<td width=\"149\">Candan c. T\u00fcrkiye<\/td>\n<td width=\"115\">16\/11\/2018<\/td>\n<td width=\"198\"><strong>Hasan CANDAN<\/strong><br \/>\n1985<br \/>\nAfyonkarahisar<\/td>\n<td width=\"224\">Ahmet CANDAN<\/td>\n<\/tr>\n<tr>\n<td>4.<\/td>\n<td width=\"98\">35844\/19<\/td>\n<td width=\"149\">\u00c7iydem c. T\u00fcrkiye<\/td>\n<td width=\"115\">25\/06\/2019<\/td>\n<td width=\"198\"><strong>\u0130brahim \u00c7\u0130YDEM<\/strong><br \/>\n1975<br \/>\nAfyonkarahisar<\/td>\n<td width=\"224\"><\/td>\n<\/tr>\n<tr>\n<td>5.<\/td>\n<td width=\"98\">40356\/19<\/td>\n<td width=\"149\">Avc\u0131 c. T\u00fcrkiye<\/td>\n<td width=\"115\">19\/07\/2019<\/td>\n<td width=\"198\"><strong>Sadettin AVCI<\/strong><br \/>\n1971<br \/>\nNev\u015fehir<\/td>\n<td width=\"224\">Emre AKARYILDIZ<\/td>\n<\/tr>\n<tr>\n<td>6.<\/td>\n<td width=\"98\">45443\/19<\/td>\n<td width=\"149\">Dalk\u0131l\u0131\u00e7 c. T\u00fcrkiye<\/td>\n<td width=\"115\">09\/08\/2019<\/td>\n<td width=\"198\"><strong>S\u00fcleyman DALKILI\u00c7<\/strong><br \/>\n1989<br \/>\nAdana<\/td>\n<td width=\"224\">Meryem YA\u015eAR KARAYAZGAN<\/td>\n<\/tr>\n<tr>\n<td>7.<\/td>\n<td width=\"98\">46239\/19<\/td>\n<td width=\"149\">Babao\u011flu c. T\u00fcrkiye<\/td>\n<td width=\"115\">01\/07\/2019<\/td>\n<td width=\"198\"><strong>H\u00fcseyin BABAO\u011eLU<\/strong><br \/>\n1981<br \/>\nKonya<\/td>\n<td width=\"224\">Muhammet Emin \u00c7ITIR<\/td>\n<\/tr>\n<tr>\n<td>8.<\/td>\n<td width=\"98\">51515\/19<\/td>\n<td width=\"149\">K\u0131sa c. T\u00fcrkiye<\/td>\n<td width=\"115\">21\/08\/2019<\/td>\n<td width=\"198\"><strong>Hayrettin KISA<\/strong><br \/>\n1972<br \/>\nKonya<\/td>\n<td width=\"224\">Muhammet Emin \u00c7ITIR<\/td>\n<\/tr>\n<tr>\n<td>9.<\/td>\n<td width=\"98\">55576\/19<\/td>\n<td width=\"149\">G\u00fcner c. T\u00fcrkiye<\/td>\n<td width=\"115\">23\/09\/2019<\/td>\n<td width=\"198\"><strong>Mustafa G\u00dcNER<\/strong><br \/>\n1973<br \/>\nKonya<\/td>\n<td width=\"224\">Kadir \u00d6ZT\u00dcRK<\/td>\n<\/tr>\n<tr>\n<td>10.<\/td>\n<td width=\"98\">58736\/19<\/td>\n<td width=\"149\">Polat c. T\u00fcrkiye<\/td>\n<td width=\"115\">27\/09\/2019<\/td>\n<td width=\"198\"><strong>Mehmet POLAT<\/strong><br \/>\n1991<br \/>\nKayseri<\/td>\n<td width=\"224\"><\/td>\n<\/tr>\n<tr>\n<td>11.<\/td>\n<td width=\"98\">60798\/19<\/td>\n<td width=\"149\">\u00c7ayl\u0131 c. T\u00fcrkiye<\/td>\n<td width=\"115\">01\/11\/2019<\/td>\n<td width=\"198\"><strong>Ramazan \u00c7AYLI<\/strong><br \/>\n1978<br \/>\nZonguldak<\/td>\n<td width=\"224\"><\/td>\n<\/tr>\n<tr>\n<td>12.<\/td>\n<td width=\"98\">5477\/20<\/td>\n<td width=\"149\">\u00d6zt\u00fcrk c. T\u00fcrkiye<\/td>\n<td width=\"115\">13\/01\/2020<\/td>\n<td width=\"198\"><strong>O\u011fuz \u00d6ZT\u00dcRK<\/strong><br \/>\n1985<br \/>\nEski\u015fehir<\/td>\n<td width=\"224\"><\/td>\n<\/tr>\n<tr>\n<td>13.<\/td>\n<td width=\"98\">7338\/20<\/td>\n<td width=\"149\">G\u00fcz c. T\u00fcrkiye<\/td>\n<td width=\"115\">21\/01\/2020<\/td>\n<td width=\"198\"><strong>Seydihan G\u00dcZ<\/strong><br \/>\n1973<br \/>\nGaziantep<\/td>\n<td width=\"224\">Zahide BOZKU\u015e<\/td>\n<\/tr>\n<tr>\n<td>14.<\/td>\n<td width=\"98\">11415\/20<\/td>\n<td width=\"149\">\u015eahin c. T\u00fcrkiye<\/td>\n<td width=\"115\">11\/02\/2020<\/td>\n<td width=\"198\"><strong>H\u00fcseyin \u015eAH\u0130N<\/strong><br \/>\n1969<br \/>\nIstanbul<\/td>\n<td width=\"224\">Emre AKARYILDIZ<\/td>\n<\/tr>\n<tr>\n<td>15.<\/td>\n<td width=\"98\">11680\/20<\/td>\n<td width=\"149\">C\u00fcvelek c. T\u00fcrkiye<\/td>\n<td width=\"115\">12\/02\/2020<\/td>\n<td width=\"198\"><strong>Hasan C\u00dcVELEK<\/strong><br \/>\n1966<br \/>\nOsmaniye<\/td>\n<td width=\"224\">Mehmet KARAKO\u00c7<\/td>\n<\/tr>\n<tr>\n<td>16.<\/td>\n<td width=\"98\">13444\/20<\/td>\n<td width=\"149\">Co\u015fkun c. T\u00fcrkiye<\/td>\n<td width=\"115\">11\/02\/2020<\/td>\n<td width=\"198\"><strong>Ali CO\u015eKUN<\/strong><br \/>\n1987<br \/>\nOsmaniye<\/td>\n<td width=\"224\">Hilal CO\u015eKUN<\/td>\n<\/tr>\n<tr>\n<td>17.<\/td>\n<td width=\"98\">16161\/20<\/td>\n<td width=\"149\">Dikmen c. T\u00fcrkiye<\/td>\n<td width=\"115\">19\/03\/2020<\/td>\n<td width=\"198\"><strong>S\u00fcleyman Tuna D\u0130KMEN<\/strong><br \/>\n1985<br \/>\nAyd\u0131n<\/td>\n<td width=\"224\">Ayd\u0131n YILMAZ<\/td>\n<\/tr>\n<tr>\n<td>18.<\/td>\n<td width=\"98\">16251\/20<\/td>\n<td width=\"149\">Y\u0131lmaz c. T\u00fcrkiye<\/td>\n<td width=\"115\">17\/03\/2020<\/td>\n<td width=\"198\"><strong>Ali YILMAZ<\/strong><br \/>\n1986<br \/>\nAdana<\/td>\n<td width=\"224\"><\/td>\n<\/tr>\n<tr>\n<td>19.<\/td>\n<td width=\"98\">16400\/20<\/td>\n<td width=\"149\">G\u00f6zen c. T\u00fcrkiye<\/td>\n<td width=\"115\">26\/03\/2020<\/td>\n<td width=\"198\"><strong>Ahmet G\u00d6ZEN<\/strong><br \/>\n1982<br \/>\nKonya<\/td>\n<td width=\"224\">Kadir \u00d6ZT\u00dcRK<\/td>\n<\/tr>\n<tr>\n<td>20.<\/td>\n<td width=\"98\">17517\/20<\/td>\n<td width=\"149\">Bora c. T\u00fcrkiye<\/td>\n<td width=\"115\">13\/03\/2020<\/td>\n<td width=\"198\"><strong>Zekeriya BORA<\/strong><br \/>\n1988<br \/>\nMardin<\/td>\n<td width=\"224\">Kadir \u00d6ZT\u00dcRK<\/td>\n<\/tr>\n<tr>\n<td>21.<\/td>\n<td width=\"98\">23099\/20<\/td>\n<td width=\"149\">G\u00f6zel c. T\u00fcrkiye<\/td>\n<td width=\"115\">22\/05\/2020<\/td>\n<td width=\"198\"><strong>Tu\u011fbahan G\u00d6ZEL<\/strong><br \/>\n1981<br \/>\nIstanbul<\/td>\n<td width=\"224\">Emre AKARYILDIZ<\/td>\n<\/tr>\n<tr>\n<td>22.<\/td>\n<td width=\"98\">25647\/20<\/td>\n<td width=\"149\">Evren c. T\u00fcrkiye<\/td>\n<td width=\"115\">05\/06\/2020<\/td>\n<td width=\"198\"><strong>Enver EVREN<\/strong><br \/>\n1977<br \/>\n\u0130zmir<\/td>\n<td width=\"224\">Nihat KILI\u00c7<\/td>\n<\/tr>\n<tr>\n<td>23.<\/td>\n<td width=\"98\">26644\/20<\/td>\n<td width=\"149\">Kaya c. T\u00fcrkiye<\/td>\n<td width=\"115\">11\/06\/2020<\/td>\n<td width=\"198\"><strong>Metin KAYA<\/strong><br \/>\n1972<br \/>\nIstanbul<\/td>\n<td width=\"224\">Emre AKARYILDIZ<\/td>\n<\/tr>\n<tr>\n<td>24.<\/td>\n<td width=\"98\">26816\/20<\/td>\n<td width=\"149\">Elvana\u011fa\u00e7 c. T\u00fcrkiye<\/td>\n<td width=\"115\">12\/06\/2020<\/td>\n<td width=\"198\"><strong>Turgut ELVANA\u011eA\u00c7<\/strong><br \/>\n1983<br \/>\nKocaeli<\/td>\n<td width=\"224\">Cahit \u00c7\u0130FT\u00c7\u0130<\/td>\n<\/tr>\n<tr>\n<td>25.<\/td>\n<td width=\"98\">27574\/20<\/td>\n<td width=\"149\">Zincirk\u0131ran c. T\u00fcrkiye<\/td>\n<td width=\"115\">18\/06\/2020<\/td>\n<td width=\"198\"><strong>Erdin\u00e7 Z\u0130NC\u0130RKIRAN<\/strong><br \/>\n1975<br \/>\nAdana<\/td>\n<td width=\"224\"><\/td>\n<\/tr>\n<tr>\n<td>26.<\/td>\n<td width=\"98\">27615\/20<\/td>\n<td width=\"149\">Kele\u015f c. T\u00fcrkiye<\/td>\n<td width=\"115\">19\/06\/2020<\/td>\n<td width=\"198\"><strong>Yusuf KELE\u015e<\/strong><br \/>\n1976<br \/>\nIstanbul<\/td>\n<td width=\"224\">Emre AKARYILDIZ<\/td>\n<\/tr>\n<tr>\n<td>27.<\/td>\n<td width=\"98\">27807\/20<\/td>\n<td width=\"149\">Dereci c. T\u00fcrkiye<\/td>\n<td width=\"115\">19\/06\/2020<\/td>\n<td width=\"198\"><strong>Ahmet DEREC\u0130<\/strong><\/p>\n<p>1986<br \/>\nIstanbul<\/td>\n<td width=\"224\">Emre AKARYILDIZ<\/td>\n<\/tr>\n<tr>\n<td>28.<\/td>\n<td width=\"98\">28760\/20<\/td>\n<td width=\"149\">A\u011fr\u0131\u00e7 c. T\u00fcrkiye<\/td>\n<td width=\"115\">01\/07\/2020<\/td>\n<td width=\"198\"><strong>Yakup A\u011eRI\u00c7<\/strong><br \/>\n1984<br \/>\nIstanbul<\/td>\n<td width=\"224\">Emre AKARYILDIZ<\/td>\n<\/tr>\n<tr>\n<td>29.<\/td>\n<td width=\"98\">29794\/20<\/td>\n<td width=\"149\">T\u00fcten c. T\u00fcrkiye<\/td>\n<td width=\"115\">01\/07\/2020<\/td>\n<td width=\"198\"><strong>Hasan T\u00dcTEN<\/strong><br \/>\n1986<br \/>\nIstanbul<\/td>\n<td width=\"224\">Emre AKARYILDIZ<\/td>\n<\/tr>\n<tr>\n<td>30.<\/td>\n<td width=\"98\">31598\/20<\/td>\n<td width=\"149\">Ba\u011fdat c. T\u00fcrkiye<\/td>\n<td width=\"115\">09\/07\/2020<\/td>\n<td width=\"198\"><strong>Fuat BA\u011eDAT<\/strong><br \/>\n1985<br \/>\nIstanbul<\/td>\n<td width=\"224\">Emre AKARYILDIZ<\/td>\n<\/tr>\n<tr>\n<td>31.<\/td>\n<td width=\"98\">31807\/20<\/td>\n<td width=\"149\">G\u00fcltekin c. T\u00fcrkiye<\/td>\n<td width=\"115\">09\/07\/2020<\/td>\n<td width=\"198\"><strong>Niyazi G\u00dcLTEK\u0130N<\/strong><br \/>\n1992<br \/>\nKonya<\/td>\n<td width=\"224\">Emre AKARYILDIZ<\/td>\n<\/tr>\n<tr>\n<td>32.<\/td>\n<td width=\"98\">32738\/20<\/td>\n<td width=\"149\">Kara c. T\u00fcrkiye<\/td>\n<td width=\"115\">06\/07\/2020<\/td>\n<td width=\"198\"><strong>Mustafa KARA<\/strong><br \/>\n1986<br \/>\nTekirda\u011f<\/td>\n<td width=\"224\">Emre AKARYILDIZ<\/td>\n<\/tr>\n<tr>\n<td>33.<\/td>\n<td width=\"98\">32741\/20<\/td>\n<td width=\"149\">Budak c. T\u00fcrkiye<\/td>\n<td width=\"115\">09\/07\/2020<\/td>\n<td width=\"198\"><strong>Ali \u0130hsan BUDAK<\/strong><br \/>\n1984<br \/>\nKocaeli<\/td>\n<td width=\"224\">Emre AKARYILDIZ<\/td>\n<\/tr>\n<tr>\n<td>34.<\/td>\n<td width=\"98\">33531\/20<\/td>\n<td width=\"149\">Aytun\u00e7 c. T\u00fcrkiye<\/td>\n<td width=\"115\">06\/07\/2020<\/td>\n<td width=\"198\"><strong>\u00d6mer Faruk AYTUN\u00c7<\/strong><br \/>\n1988<br \/>\nIstanbul<\/td>\n<td width=\"224\">Emre AKARYILDIZ<\/td>\n<\/tr>\n<tr>\n<td>35.<\/td>\n<td width=\"98\">33543\/20<\/td>\n<td width=\"149\">Canavc\u0131 c. T\u00fcrkiye<\/td>\n<td width=\"115\">21\/07\/2020<\/td>\n<td width=\"198\"><strong>Mehmet Ali CANAVCI<\/strong><br \/>\n1978<br \/>\nIstanbul<\/td>\n<td width=\"224\">Tar\u0131k Said G\u00dcLD\u0130B\u0130<\/td>\n<\/tr>\n<tr>\n<td>36.<\/td>\n<td width=\"98\">33892\/20<\/td>\n<td width=\"149\">Sa\u011flam c. T\u00fcrkiye<\/td>\n<td width=\"115\">17\/07\/2020<\/td>\n<td width=\"198\"><strong>G\u00fcltekin SA\u011eLAM<\/strong><br \/>\n1973<br \/>\nD\u00fczce<\/td>\n<td width=\"224\">Ahmet Can DEM\u0130RC\u0130<\/td>\n<\/tr>\n<tr>\n<td>37.<\/td>\n<td width=\"98\">34287\/20<\/td>\n<td width=\"149\">Aydo\u011fdu c. T\u00fcrkiye<\/td>\n<td width=\"115\">23\/07\/2020<\/td>\n<td width=\"198\"><strong>Cumhur AYDO\u011eDU<\/strong><br \/>\n1978<br \/>\nTekirda\u011f<\/td>\n<td width=\"224\">B\u00fcteyra DEM\u0130R<\/td>\n<\/tr>\n<tr>\n<td>38.<\/td>\n<td width=\"98\">34975\/20<\/td>\n<td width=\"149\">Girgin c. T\u00fcrkiye<\/td>\n<td width=\"115\">21\/07\/2020<\/td>\n<td width=\"198\"><strong>Ali Ulvi G\u0130RG\u0130N<\/strong><br \/>\n1981<br \/>\nBal\u0131kesir<\/td>\n<td width=\"224\">Emre AKARYILDIZ<\/td>\n<\/tr>\n<tr>\n<td>39.<\/td>\n<td width=\"98\">37284\/20<\/td>\n<td width=\"149\">Ta\u015fk\u0131n c. T\u00fcrkiye<\/td>\n<td width=\"115\">30\/07\/2020<\/td>\n<td width=\"198\"><strong>Mustafa TA\u015eKIN<\/strong><br \/>\n1974<br \/>\nTrabzon<\/td>\n<td width=\"224\">Ali YILDIZ<\/td>\n<\/tr>\n<tr>\n<td>40.<\/td>\n<td width=\"98\">38276\/20<\/td>\n<td width=\"149\">Gen\u00e7o\u011flu c. T\u00fcrkiye<\/td>\n<td width=\"115\">14\/08\/2020<\/td>\n<td width=\"198\"><strong>Mehmet GEN\u00c7O\u011eLU<\/strong><br \/>\n1989<br \/>\nAfyonkarahisar<\/td>\n<td width=\"224\">Sultan TEKE SOYD\u0130N\u00c7<\/td>\n<\/tr>\n<tr>\n<td>41.<\/td>\n<td width=\"98\">38331\/20<\/td>\n<td width=\"149\">Usluer c. T\u00fcrkiye<\/td>\n<td width=\"115\">19\/08\/2020<\/td>\n<td width=\"198\"><strong>Yunus USLUER<\/strong><br \/>\n1971<br \/>\nKocaeli<\/td>\n<td width=\"224\">Cahit \u00c7\u0130FT\u00c7\u0130<\/td>\n<\/tr>\n<tr>\n<td>42.<\/td>\n<td width=\"98\">39520\/20<\/td>\n<td width=\"149\">Morta\u015f c. T\u00fcrkiye<\/td>\n<td width=\"115\">07\/08\/2020<\/td>\n<td width=\"198\"><strong>S\u00fcleyman MORTA\u015e<\/strong><br \/>\n1969<br \/>\nKocaeli<\/td>\n<td width=\"224\">Murat YILMAZ<\/td>\n<\/tr>\n<tr>\n<td>43.<\/td>\n<td width=\"98\">40268\/20<\/td>\n<td width=\"149\">G\u00fcnd\u00fcz c. T\u00fcrkiye<\/td>\n<td width=\"115\">20\/08\/2020<\/td>\n<td width=\"198\"><strong>Tahsin G\u00dcND\u00dcZ<\/strong><br \/>\n1983<br \/>\nManisa<\/td>\n<td width=\"224\">Emre ATE\u015e<\/td>\n<\/tr>\n<tr>\n<td>44.<\/td>\n<td width=\"98\">41709\/20<\/td>\n<td width=\"149\">Tergek c. T\u00fcrkiye<\/td>\n<td width=\"115\">01\/09\/2020<\/td>\n<td width=\"198\"><strong>Abd\u00fcl Samed TERGEK<\/strong><br \/>\n1989<br \/>\nIstanbul<\/td>\n<td width=\"224\">Kas\u0131m KUTBO\u011eA<\/td>\n<\/tr>\n<tr>\n<td>45.<\/td>\n<td width=\"98\">42387\/20<\/td>\n<td width=\"149\">Ko\u00e7ak c. T\u00fcrkiye<\/td>\n<td width=\"115\">08\/09\/2020<\/td>\n<td width=\"198\"><strong>H\u00fcsmen KO\u00c7AK<\/strong><br \/>\n1976<br \/>\nTekirda\u011f<\/td>\n<td width=\"224\">Nihat KILI\u00c7<\/td>\n<\/tr>\n<tr>\n<td>46.<\/td>\n<td width=\"98\">42535\/20<\/td>\n<td width=\"149\">\u015eahin c. T\u00fcrkiye<\/td>\n<td width=\"115\">29\/07\/2020<\/td>\n<td width=\"198\"><strong>Nihat \u015eAH\u0130N<\/strong><br \/>\n1972<br \/>\nIstanbul<\/td>\n<td width=\"224\">Emre AKARYILDIZ<\/td>\n<\/tr>\n<tr>\n<td>47.<\/td>\n<td width=\"98\">44936\/20<\/td>\n<td width=\"149\">\u00c7am c. T\u00fcrkiye<\/td>\n<td width=\"115\">25\/09\/2020<\/td>\n<td width=\"198\"><strong>Zekeriye \u00c7AM<\/strong><br \/>\n1972<br \/>\nAdana<\/td>\n<td width=\"224\">Belma KAYRAN<\/td>\n<\/tr>\n<tr>\n<td>48.<\/td>\n<td width=\"98\">45152\/20<\/td>\n<td width=\"149\">Bi\u00e7ici c. T\u00fcrkiye<\/td>\n<td width=\"115\">02\/09\/2020<\/td>\n<td width=\"198\"><strong>\u0130dris B\u0130\u00c7\u0130C\u0130<\/strong><br \/>\n1985<br \/>\nTrabzon<\/td>\n<td width=\"224\">Ali ALAG\u00d6Z<\/td>\n<\/tr>\n<tr>\n<td>49.<\/td>\n<td width=\"98\">45960\/20<\/td>\n<td width=\"149\">Karayol c. T\u00fcrkiye<\/td>\n<td width=\"115\">11\/09\/2020<\/td>\n<td width=\"198\"><strong>Muharrem KARAYOL<\/strong><br \/>\n1968<br \/>\nIstanbul<\/td>\n<td width=\"224\">Tar\u0131k Said G\u00dcLD\u0130B\u0130<\/td>\n<\/tr>\n<tr>\n<td>50.<\/td>\n<td width=\"98\">46330\/20<\/td>\n<td width=\"149\">Kara c. T\u00fcrkiye<\/td>\n<td width=\"115\">06\/10\/2020<\/td>\n<td width=\"198\"><strong>\u0130smail KARA<\/strong><br \/>\n1971<br \/>\nMersin<\/td>\n<td width=\"224\"><\/td>\n<\/tr>\n<tr>\n<td>51.<\/td>\n<td width=\"98\">48839\/20<\/td>\n<td width=\"149\">\u0130brahimo\u011flu c.\u00a0T\u00fcrkiye<\/td>\n<td width=\"115\">22\/10\/2020<\/td>\n<td width=\"198\"><strong>Mehmet \u0130BRAH\u0130MO\u011eLU<\/strong><br \/>\n1989<br \/>\nKocaeli<\/td>\n<td width=\"224\">Kas\u0131m KUTBO\u011eA<\/td>\n<\/tr>\n<tr>\n<td>52.<\/td>\n<td width=\"98\">49312\/20<\/td>\n<td width=\"149\">F\u0131rat c. T\u00fcrkiye<\/td>\n<td width=\"115\">01\/10\/2020<\/td>\n<td width=\"198\"><strong>Halil \u0130brahim FIRAT<\/strong><br \/>\n1984<br \/>\nIstanbul<\/td>\n<td width=\"224\">Emre AKARYILDIZ<\/td>\n<\/tr>\n<tr>\n<td>53.<\/td>\n<td width=\"98\">49318\/20<\/td>\n<td width=\"149\">Aslanbay c. T\u00fcrkiye<\/td>\n<td width=\"115\">03\/09\/2020<\/td>\n<td width=\"198\"><strong>Hasan ASLANBAY<\/strong><br \/>\n1984<br \/>\nOsmaniye<\/td>\n<td width=\"224\"><\/td>\n<\/tr>\n<tr>\n<td>54.<\/td>\n<td width=\"98\">50673\/20<\/td>\n<td width=\"149\">S\u00fcnger c. T\u00fcrkiye<\/td>\n<td width=\"115\">02\/11\/2020<\/td>\n<td width=\"198\"><strong>\u00d6zcan S\u00dcNGER<\/strong><br \/>\n1974<br \/>\nIstanbul<\/td>\n<td width=\"224\">Emre AKARYILDIZ<\/td>\n<\/tr>\n<tr>\n<td>55.<\/td>\n<td width=\"98\">50677\/20<\/td>\n<td width=\"149\">Akar c. T\u00fcrkiye<\/td>\n<td width=\"115\">15\/10\/2020<\/td>\n<td width=\"198\"><strong>Fatih AKAR<\/strong><br \/>\n1979<br \/>\nIstanbul<\/td>\n<td width=\"224\">Emre AKARYILDIZ<\/td>\n<\/tr>\n<tr>\n<td>56.<\/td>\n<td width=\"98\">50683\/20<\/td>\n<td width=\"149\">Baltepe c. T\u00fcrkiye<\/td>\n<td width=\"115\">03\/11\/2020<\/td>\n<td width=\"198\"><strong>Abdullah BALTEPE<\/strong><br \/>\n1985<br \/>\nAnkara<\/td>\n<td width=\"224\"><\/td>\n<\/tr>\n<tr>\n<td>57.<\/td>\n<td width=\"98\">50782\/20<\/td>\n<td width=\"149\">Solak c. T\u00fcrkiye<\/td>\n<td width=\"115\">06\/11\/2020<\/td>\n<td width=\"198\"><strong>Ahmet SOLAK<\/strong><br \/>\n1990<br \/>\nOsmaniye<\/td>\n<td width=\"224\"><\/td>\n<\/tr>\n<tr>\n<td>58.<\/td>\n<td width=\"98\">51845\/20<\/td>\n<td width=\"149\">K\u0131na c. T\u00fcrkiye<\/td>\n<td width=\"115\">18\/09\/2020<\/td>\n<td width=\"198\"><strong>\u0130dris KINA<\/strong><br \/>\n1986<br \/>\nEski\u015fehir<\/td>\n<td width=\"224\"><\/td>\n<\/tr>\n<tr>\n<td>59.<\/td>\n<td width=\"98\">52000\/20<\/td>\n<td width=\"149\">Aker c. T\u00fcrkiye<\/td>\n<td width=\"115\">05\/11\/2020<\/td>\n<td width=\"198\"><strong>Ender Yakup AKER<\/strong><br \/>\n1986<br \/>\nKonya<\/td>\n<td width=\"224\"><\/td>\n<\/tr>\n<tr>\n<td>60.<\/td>\n<td width=\"98\">52025\/20<\/td>\n<td width=\"149\">Arslan c. T\u00fcrkiye<\/td>\n<td width=\"115\">05\/11\/2020<\/td>\n<td width=\"198\"><strong>Halil \u0130brahim ARSLAN<\/strong><br \/>\n1987<br \/>\nIstanbul<\/td>\n<td width=\"224\">Emre AKARYILDIZ<\/td>\n<\/tr>\n<tr>\n<td>61.<\/td>\n<td width=\"98\">52068\/20<\/td>\n<td width=\"149\">Akta\u015f c. T\u00fcrkiye<\/td>\n<td width=\"115\">02\/10\/2020<\/td>\n<td width=\"198\"><strong>Deniz AKTA\u015e<\/strong><br \/>\n1987<br \/>\nKocaeli<\/td>\n<td width=\"224\">O\u011fuz G\u00dcND\u00dcZ<\/td>\n<\/tr>\n<tr>\n<td>62.<\/td>\n<td width=\"98\">53141\/20<\/td>\n<td width=\"149\">Alsan c. T\u00fcrkiye<\/td>\n<td width=\"115\">03\/11\/2020<\/td>\n<td width=\"198\"><strong>\u0130smail ALSAN<\/strong><br \/>\n1993<br \/>\nAdana<\/td>\n<td width=\"224\"><\/td>\n<\/tr>\n<tr>\n<td>63.<\/td>\n<td width=\"98\">53667\/20<\/td>\n<td width=\"149\">\u0130ldeniz c. T\u00fcrkiye<\/td>\n<td width=\"115\">16\/11\/2020<\/td>\n<td width=\"198\"><strong>Ethem \u0130LDEN\u0130Z<\/strong><br \/>\n1973<br \/>\nOsmaniye<\/td>\n<td width=\"224\"><\/td>\n<\/tr>\n<tr>\n<td>64.<\/td>\n<td width=\"98\">54838\/20<\/td>\n<td width=\"149\">Karap\u0131nar c. T\u00fcrkiye<\/td>\n<td width=\"115\">27\/11\/2020<\/td>\n<td width=\"198\"><strong>K\u00fcr\u015fat Turan KARAPINAR<\/strong><br \/>\n1989<br \/>\n\u0130stanbul<\/td>\n<td width=\"224\">Emre AKARYILDIZ<\/td>\n<\/tr>\n<tr>\n<td>65.<\/td>\n<td width=\"98\">55063\/20<\/td>\n<td width=\"149\">Er\u015fahin c. T\u00fcrkiye<\/td>\n<td width=\"115\">17\/11\/2020<\/td>\n<td width=\"198\"><strong>Mustafa ER\u015eAH\u0130N<\/strong><br \/>\n1988<br \/>\nKaraman<\/td>\n<td width=\"224\">Ebubekir DEM\u0130\u00c7<\/td>\n<\/tr>\n<tr>\n<td>66.<\/td>\n<td width=\"98\">55191\/20<\/td>\n<td width=\"149\">Bacakl\u0131o\u011flu c.\u00a0T\u00fcrkiye<\/td>\n<td width=\"115\">16\/11\/2020<\/td>\n<td width=\"198\"><strong>Hayri BACAKLIO\u011eLU<\/strong><br \/>\n1978<br \/>\nKarab\u00fck<\/td>\n<td width=\"224\">M\u00fcleyke \u00c7EV\u0130K<\/td>\n<\/tr>\n<tr>\n<td>67.<\/td>\n<td width=\"98\">1529\/21<\/td>\n<td width=\"149\">\u015eenay c. T\u00fcrkiye<\/td>\n<td width=\"115\">10\/12\/2020<\/td>\n<td width=\"198\"><strong>Kemal \u015eENAY<\/strong><br \/>\n1981<br \/>\nIstanbul<\/td>\n<td width=\"224\">Emre AKARYILDIZ<\/td>\n<\/tr>\n<tr>\n<td>68.<\/td>\n<td width=\"98\">6303\/21<\/td>\n<td width=\"149\">Yayla c. T\u00fcrkiye<\/td>\n<td width=\"115\">01\/12\/2020<\/td>\n<td width=\"198\"><strong>Sad\u0131k YAYLA<\/strong><br \/>\n1984<br \/>\nU\u015fak<\/td>\n<td width=\"224\">Nihat KILI\u00c7<\/td>\n<\/tr>\n<tr>\n<td>69.<\/td>\n<td width=\"98\">10205\/21<\/td>\n<td width=\"149\">Dalk\u0131l\u0131\u00e7 c. T\u00fcrkiye<\/td>\n<td width=\"115\">29\/01\/2021<\/td>\n<td width=\"198\"><strong>Yakup DALKILI\u00c7<\/strong><br \/>\n1973<br \/>\nKocaeli<\/td>\n<td width=\"224\">Tolga YILDIRIM<\/td>\n<\/tr>\n<tr>\n<td>70.<\/td>\n<td width=\"98\">12234\/21<\/td>\n<td width=\"149\">Zengin c. T\u00fcrkiye<\/td>\n<td width=\"115\">15\/02\/2021<\/td>\n<td width=\"198\"><strong>Yasin ZENG\u0130N<\/strong><br \/>\n1990<br \/>\nElaz\u0131\u011f<\/td>\n<td width=\"224\">Elif S\u00fceda \u00d6ZDEM\u0130R<\/td>\n<\/tr>\n<tr>\n<td>71.<\/td>\n<td width=\"98\">12253\/21<\/td>\n<td width=\"149\">Arg\u0131n c. T\u00fcrkiye<\/td>\n<td width=\"115\">17\/02\/2021<\/td>\n<td width=\"198\"><strong>Adil ARGIN<\/strong><br \/>\n1987<br \/>\nIstanbul<\/td>\n<td width=\"224\">Mehmet Akif ARGIN<\/td>\n<\/tr>\n<tr>\n<td>72.<\/td>\n<td width=\"98\">12263\/21<\/td>\n<td width=\"149\">Ya\u015far c. T\u00fcrkiye<\/td>\n<td width=\"115\">02\/02\/2021<\/td>\n<td width=\"198\"><strong>Etem Metehan YA\u015eAR<\/strong><br \/>\n1971<br \/>\nMersin<\/td>\n<td width=\"224\"><\/td>\n<\/tr>\n<tr>\n<td>73.<\/td>\n<td width=\"98\">12987\/21<\/td>\n<td width=\"149\">Balo\u011flu c. T\u00fcrkiye<\/td>\n<td width=\"115\">09\/02\/2021<\/td>\n<td width=\"198\"><strong>Mahmut BALO\u011eLU<\/strong><br \/>\n1983<br \/>\nYozgat<\/td>\n<td width=\"224\">Osman KARATA\u015e<\/td>\n<\/tr>\n<tr>\n<td>74.<\/td>\n<td width=\"98\">14599\/21<\/td>\n<td width=\"149\">Atalay c. T\u00fcrkiye<\/td>\n<td width=\"115\">04\/03\/2021<\/td>\n<td width=\"198\"><strong>Ramazan ATALAY<\/strong><br \/>\n1969<br \/>\nIstanbul<\/td>\n<td width=\"224\">Emre AKARYILDIZ<\/td>\n<\/tr>\n<tr>\n<td>75.<\/td>\n<td width=\"98\">15781\/21<\/td>\n<td width=\"149\">T\u00fcrker c. T\u00fcrkiye<\/td>\n<td width=\"115\">10\/03\/2021<\/td>\n<td width=\"198\"><strong>Mustafa T\u00dcRKER<\/strong><br \/>\n1964<br \/>\nYalova<\/td>\n<td width=\"224\">Ahmet EROL<\/td>\n<\/tr>\n<tr>\n<td>76.<\/td>\n<td width=\"98\">19118\/21<\/td>\n<td width=\"149\">Y\u0131lmaz c. T\u00fcrkiye<\/td>\n<td width=\"115\">31\/03\/2021<\/td>\n<td width=\"198\"><strong>Enes YILMAZ<\/strong><br \/>\n1986<br \/>\nOsmaniye<\/td>\n<td width=\"224\"><\/td>\n<\/tr>\n<tr>\n<td>77.<\/td>\n<td width=\"98\">21888\/21<\/td>\n<td width=\"149\">Y\u0131ld\u0131z c. T\u00fcrkiye<\/td>\n<td width=\"115\">12\/03\/2021<\/td>\n<td width=\"198\"><strong>Ali YILDIZ<\/strong><br \/>\n1971<br \/>\nKonya<\/td>\n<td width=\"224\">Mustafa ER\u0130K<\/td>\n<\/tr>\n<tr>\n<td>78.<\/td>\n<td width=\"98\">21933\/21<\/td>\n<td width=\"149\">Katar c. T\u00fcrkiye<\/td>\n<td width=\"115\">19\/03\/2021<\/td>\n<td width=\"198\"><strong>Fatih Kas\u0131m KATAR<\/strong><br \/>\n1997<br \/>\nIstanbul<\/td>\n<td width=\"224\">Emre AKARYILDIZ<\/td>\n<\/tr>\n<tr>\n<td>79.<\/td>\n<td width=\"98\">21941\/21<\/td>\n<td width=\"149\">Karanfil c. T\u00fcrkiye<\/td>\n<td width=\"115\">16\/04\/2021<\/td>\n<td width=\"198\"><strong>Kemal KARANF\u0130L<\/strong><br \/>\n1972<br \/>\nKocaeli<\/td>\n<td width=\"224\">Cahit \u00c7\u0130FT\u00c7\u0130<\/td>\n<\/tr>\n<tr>\n<td>80.<\/td>\n<td width=\"98\">24918\/21<\/td>\n<td width=\"149\">Kaya c. T\u00fcrkiye<\/td>\n<td width=\"115\">21\/04\/2021<\/td>\n<td width=\"198\"><strong>Hanifi KAYA<\/strong><br \/>\n1984<br \/>\nMalatya<\/td>\n<td width=\"224\">Elif Nurbanu OR<\/td>\n<\/tr>\n<tr>\n<td>81.<\/td>\n<td width=\"98\">24953\/21<\/td>\n<td width=\"149\">Erzincanl\u0131 c. T\u00fcrkiye<\/td>\n<td width=\"115\">21\/04\/2021<\/td>\n<td width=\"198\"><strong>Aziz ERZ\u0130NCANLI<\/strong><br \/>\n1990<br \/>\nErzincan<\/td>\n<td width=\"224\"><\/td>\n<\/tr>\n<tr>\n<td>82.<\/td>\n<td width=\"98\">25163\/21<\/td>\n<td width=\"149\">Kaya c. T\u00fcrkiye<\/td>\n<td width=\"115\">08\/04\/2021<\/td>\n<td width=\"198\"><strong>Ahmet Vedat KAYA<\/strong><br \/>\n1978<br \/>\nElaz\u0131\u011f<\/td>\n<td width=\"224\">Yusuf EK\u0130NC\u0130<\/td>\n<\/tr>\n<tr>\n<td>83.<\/td>\n<td width=\"98\">28926\/21<\/td>\n<td width=\"149\">Aslantepe c. T\u00fcrkiye<\/td>\n<td width=\"115\">28\/05\/2021<\/td>\n<td width=\"198\"><strong>Yakup ASLANTEPE<\/strong><br \/>\n1976<br \/>\nIstanbul<\/td>\n<td width=\"224\">Emre AKARYILDIZ<\/td>\n<\/tr>\n<tr>\n<td>84.<\/td>\n<td width=\"98\">36212\/21<\/td>\n<td width=\"149\">Demir c. T\u00fcrkiye<\/td>\n<td width=\"115\">01\/07\/2021<\/td>\n<td width=\"198\"><strong>Nurettin DEM\u0130R<\/strong><br \/>\n1972<br \/>\nIstanbul<\/td>\n<td width=\"224\">Emre AKARYILDIZ<\/td>\n<\/tr>\n<tr>\n<td>85.<\/td>\n<td width=\"98\">36407\/21<\/td>\n<td width=\"149\">Tosun c. T\u00fcrkiye<\/td>\n<td width=\"115\">08\/07\/2021<\/td>\n<td width=\"198\"><strong>\u0130brahim TOSUN<\/strong><br \/>\n1986<br \/>\nKocaeli<\/td>\n<td width=\"224\">Zuhal \u00d6ZCAN<\/td>\n<\/tr>\n<tr>\n<td>86.<\/td>\n<td width=\"98\">37082\/21<\/td>\n<td width=\"149\">Sakman c. T\u00fcrkiye<\/td>\n<td width=\"115\">12\/07\/2021<\/td>\n<td width=\"198\"><strong>Kemal SAKMAN<\/strong><br \/>\n1981<br \/>\nAdana<\/td>\n<td width=\"224\">Fatih DERTS\u0130Z<\/td>\n<\/tr>\n<tr>\n<td>87.<\/td>\n<td width=\"98\">39143\/21<\/td>\n<td width=\"149\">Akcada\u011f c. T\u00fcrkiye<\/td>\n<td width=\"115\">14\/07\/2021<\/td>\n<td width=\"198\"><strong>S\u00fcleyman AK\u00c7ADA\u011e<\/strong><br \/>\n1994<br \/>\nOsmaniye<\/td>\n<td width=\"224\">Kadir \u00d6ZT\u00dcRK<\/td>\n<\/tr>\n<tr>\n<td>88.<\/td>\n<td width=\"98\">47685\/21<\/td>\n<td width=\"149\">Toku\u00e7 c. T\u00fcrkiye<\/td>\n<td width=\"115\">15\/09\/2021<\/td>\n<td width=\"198\"><strong>\u00d6mer TOKU\u00c7<\/strong><br \/>\n1984<br \/>\nKahramanmara\u015f<\/td>\n<td width=\"224\">Furkan TOKU\u00c7<\/td>\n<\/tr>\n<tr>\n<td>89.<\/td>\n<td width=\"98\">48270\/21<\/td>\n<td width=\"149\">\u00c7elik c. T\u00fcrkiye<\/td>\n<td width=\"115\">14\/09\/2021<\/td>\n<td width=\"198\"><strong>Necati \u00c7EL\u0130K<\/strong><br \/>\n1981<br \/>\nOsmaniye<\/td>\n<td width=\"224\"><\/td>\n<\/tr>\n<tr>\n<td>90.<\/td>\n<td width=\"98\">12172\/22<\/td>\n<td width=\"149\">Babayi\u011fit c. T\u00fcrkiye<\/td>\n<td width=\"115\">07\/02\/2022<\/td>\n<td width=\"198\"><strong>Mustafa BABAY\u0130\u011e\u0130T<\/strong><br \/>\n1978<br \/>\nKocaeli<\/td>\n<td width=\"224\">Elvan BA\u011e CANBAZ<\/td>\n<\/tr>\n<\/tbody>\n<\/table>\n<p>&nbsp;<\/p>\n<p style=\"text-align: center;\"><strong>ANNEXE\u00a0: LISTE B<\/strong><\/p>\n<p>Liste des requ\u00e9rants auxquels la Cour alloue la somme forfaitaire susmentionn\u00e9e \u00e0 titre de frais et d\u00e9pens<\/p>\n<table>\n<thead>\n<tr>\n<td><strong>No.<\/strong><\/td>\n<td><strong>Requ\u00eate N<sup>o<\/sup><\/strong><\/td>\n<td><strong>Requ\u00e9rant<\/strong><\/td>\n<\/tr>\n<\/thead>\n<tbody>\n<tr>\n<td>1.<\/td>\n<td>25820\/18<\/td>\n<td><strong>Hakk\u0131 DA\u011eLI<\/strong><\/td>\n<\/tr>\n<tr>\n<td>2.<\/td>\n<td>40356\/19<\/td>\n<td><strong>Sadettin AVCI<\/strong><\/td>\n<\/tr>\n<tr>\n<td>3.<\/td>\n<td>45443\/19<\/td>\n<td><strong>S\u00fcleyman DALKILI\u00c7<\/strong><\/td>\n<\/tr>\n<tr>\n<td>4.<\/td>\n<td>46239\/19<\/td>\n<td><strong>H\u00fcseyin BABAO\u011eLU<\/strong><\/td>\n<\/tr>\n<tr>\n<td>5.<\/td>\n<td>51515\/19<\/td>\n<td><strong>Hayrettin KISA<\/strong><\/td>\n<\/tr>\n<tr>\n<td>6.<\/td>\n<td>55576\/19<\/td>\n<td><strong>Mustafa G\u00dcNER<\/strong><\/td>\n<\/tr>\n<tr>\n<td>7.<\/td>\n<td>7338\/20<\/td>\n<td><strong>Seydihan G\u00dcZ<\/strong><\/td>\n<\/tr>\n<tr>\n<td>8.<\/td>\n<td>11415\/20<\/td>\n<td><strong>H\u00fcseyin \u015eAH\u0130N<\/strong><\/td>\n<\/tr>\n<tr>\n<td>9.<\/td>\n<td>16400\/20<\/td>\n<td><strong>Ahmet G\u00d6ZEN<\/strong><\/td>\n<\/tr>\n<tr>\n<td>10.<\/td>\n<td>17517\/20<\/td>\n<td><strong>Zekeriya BORA<\/strong><\/td>\n<\/tr>\n<tr>\n<td>11.<\/td>\n<td>23099\/20<\/td>\n<td><strong>Tu\u011fbahan G\u00d6ZEL<\/strong><\/td>\n<\/tr>\n<tr>\n<td>12.<\/td>\n<td>26644\/20<\/td>\n<td><strong>Metin KAYA<\/strong><\/td>\n<\/tr>\n<tr>\n<td>13.<\/td>\n<td>27615\/20<\/td>\n<td><strong>Yusuf KELE\u015e<\/strong><\/td>\n<\/tr>\n<tr>\n<td>14.<\/td>\n<td>27807\/20<\/td>\n<td><strong>Ahmet DEREC\u0130<\/strong><\/td>\n<\/tr>\n<tr>\n<td>15.<\/td>\n<td>28760\/20<\/td>\n<td><strong>Yakup A\u011eRI\u00c7<\/strong><\/td>\n<\/tr>\n<tr>\n<td>16.<\/td>\n<td>29794\/20<\/td>\n<td><strong>Hasan T\u00dcTEN<\/strong><\/td>\n<\/tr>\n<tr>\n<td>17.<\/td>\n<td>31598\/20<\/td>\n<td><strong>Fuat BA\u011eDAT<\/strong><\/td>\n<\/tr>\n<tr>\n<td>18.<\/td>\n<td>31807\/20<\/td>\n<td><strong>Niyazi G\u00dcLTEK\u0130N<\/strong><\/td>\n<\/tr>\n<tr>\n<td>19.<\/td>\n<td>32738\/20<\/td>\n<td><strong>Mustafa KARA<\/strong><\/td>\n<\/tr>\n<tr>\n<td>20.<\/td>\n<td>32741\/20<\/td>\n<td><strong>Ali \u0130hsan BUDAK<\/strong><\/td>\n<\/tr>\n<tr>\n<td>21.<\/td>\n<td>33531\/20<\/td>\n<td><strong>\u00d6mer Faruk AYTUN\u00c7<\/strong><\/td>\n<\/tr>\n<tr>\n<td>22.<\/td>\n<td>33543\/20<\/td>\n<td><strong>Mehmet Ali CANAVCI<\/strong><\/td>\n<\/tr>\n<tr>\n<td>23.<\/td>\n<td>33892\/20<\/td>\n<td><strong>G\u00fcltekin SA\u011eLAM<\/strong><\/td>\n<\/tr>\n<tr>\n<td>24.<\/td>\n<td>34287\/20<\/td>\n<td><strong>Cumhur AYDO\u011eDU<\/strong><\/td>\n<\/tr>\n<tr>\n<td>25.<\/td>\n<td>34975\/20<\/td>\n<td><strong>Ali Ulvi G\u0130RG\u0130N<\/strong><\/td>\n<\/tr>\n<tr>\n<td>26.<\/td>\n<td>39520\/20<\/td>\n<td><strong>S\u00fcleyman MORTA\u015e<\/strong><\/td>\n<\/tr>\n<tr>\n<td>27.<\/td>\n<td>42535\/20<\/td>\n<td><strong>Nihat \u015eAH\u0130N<\/strong><\/td>\n<\/tr>\n<tr>\n<td>28.<\/td>\n<td>45960\/20<\/td>\n<td><strong>Muharrem KARAYOL<\/strong><\/td>\n<\/tr>\n<tr>\n<td>29.<\/td>\n<td>49312\/20<\/td>\n<td><strong>Halil \u0130brahim FIRAT<\/strong><\/td>\n<\/tr>\n<tr>\n<td>30.<\/td>\n<td>50673\/20<\/td>\n<td><strong>\u00d6zcan S\u00dcNGER<\/strong><\/td>\n<\/tr>\n<tr>\n<td>31.<\/td>\n<td>50677\/20<\/td>\n<td><strong>Fatih AKAR<\/strong><\/td>\n<\/tr>\n<tr>\n<td>32.<\/td>\n<td>52025\/20<\/td>\n<td><strong>Halil \u0130brahim ARSLAN<\/strong><\/td>\n<\/tr>\n<tr>\n<td>33.<\/td>\n<td>54838\/20<\/td>\n<td><strong>K\u00fcr\u015fat Turan KARAPINAR<\/strong><\/td>\n<\/tr>\n<tr>\n<td>34.<\/td>\n<td>55191\/20<\/td>\n<td><strong>Hayri BACAKLIO\u011eLU<\/strong><\/td>\n<\/tr>\n<tr>\n<td>35.<\/td>\n<td>1529\/21<\/td>\n<td><strong>Kemal \u015eENAY<\/strong><\/td>\n<\/tr>\n<tr>\n<td>36.<\/td>\n<td>10205\/21<\/td>\n<td><strong>Yakup DALKILI\u00c7<\/strong><\/td>\n<\/tr>\n<tr>\n<td>37.<\/td>\n<td>12987\/21<\/td>\n<td><strong>Mahmut BALO\u011eLU<\/strong><\/td>\n<\/tr>\n<tr>\n<td>38.<\/td>\n<td>14599\/21<\/td>\n<td><strong>Ramazan ATALAY<\/strong><\/td>\n<\/tr>\n<tr>\n<td>39.<\/td>\n<td>21933\/21<\/td>\n<td><strong>Fatih Kas\u0131m KATAR<\/strong><\/td>\n<\/tr>\n<tr>\n<td>40.<\/td>\n<td>21941\/21<\/td>\n<td><strong>Kemal KARANF\u0130L<\/strong><\/td>\n<\/tr>\n<tr>\n<td>41.<\/td>\n<td>28926\/21<\/td>\n<td><strong>Yakup ASLANTEPE<\/strong><\/td>\n<\/tr>\n<tr>\n<td>42.<\/td>\n<td>36212\/21<\/td>\n<td><strong>Nurettin DEM\u0130R<\/strong><\/td>\n<\/tr>\n<tr>\n<td>43.<\/td>\n<td>36407\/21<\/td>\n<td><strong>\u0130brahim TOSUN<\/strong><\/td>\n<\/tr>\n<tr>\n<td>44.<\/td>\n<td>37082\/21<\/td>\n<td><strong>Kemal SAKMAN<\/strong><\/td>\n<\/tr>\n<tr>\n<td>45.<\/td>\n<td>39143\/21<\/td>\n<td><strong>S\u00fcleyman AKCADA\u011e<\/strong><\/td>\n<\/tr>\n<tr>\n<td>46.<\/td>\n<td>47685\/21<\/td>\n<td><strong>\u00d6mer TOKU\u00c7<\/strong><\/td>\n<\/tr>\n<\/tbody>\n<\/table>\n<div class=\"social-share-buttons\"><a href=\"https:\/\/www.facebook.com\/sharer\/sharer.php?u=https:\/\/loisdumonde.com\/?p=2111\" target=\"_blank\" rel=\"noopener\">Facebook<\/a><a href=\"https:\/\/twitter.com\/intent\/tweet?url=https:\/\/loisdumonde.com\/?p=2111&text=AFFAIRE+DA%C4%9ELI+ET+AUTRES+c.+T%C3%9CRK%C4%B0YE+%E2%80%93+25820%2F18+et+89+autres\" target=\"_blank\" rel=\"noopener\">Twitter<\/a><a href=\"https:\/\/www.linkedin.com\/shareArticle?url=https:\/\/loisdumonde.com\/?p=2111&title=AFFAIRE+DA%C4%9ELI+ET+AUTRES+c.+T%C3%9CRK%C4%B0YE+%E2%80%93+25820%2F18+et+89+autres\" target=\"_blank\" rel=\"noopener\">LinkedIn<\/a><a href=\"https:\/\/pinterest.com\/pin\/create\/button\/?url=https:\/\/loisdumonde.com\/?p=2111&description=AFFAIRE+DA%C4%9ELI+ET+AUTRES+c.+T%C3%9CRK%C4%B0YE+%E2%80%93+25820%2F18+et+89+autres\" target=\"_blank\" rel=\"noopener\">Pinterest<\/a><\/div>","protected":false},"excerpt":{"rendered":"<p>Les pr\u00e9sentes requ\u00eates portent sur l\u2019enregistrement de la correspondance des requ\u00e9rants, au cours de leur d\u00e9tention, dans le syst\u00e8me informatique UYAP (\u00ab\u00a0Ulusal Yarg\u0131 A\u011f\u0131 Bili\u015fim Sistemi\u00a0\u00bb \u2013 Syst\u00e8me Informatique du R\u00e9seau Judiciaire National). FacebookTwitterLinkedInPinterest<\/p>\n<p class=\"more-link-p\"><a class=\"more-link\" href=\"https:\/\/loisdumonde.com\/?p=2111\">Read more &rarr;<\/a><\/p>\n","protected":false},"author":1,"featured_media":0,"comment_status":"open","ping_status":"open","sticky":false,"template":"","format":"standard","meta":{"_lmt_disableupdate":"","_lmt_disable":"","footnotes":""},"categories":[1],"tags":[],"class_list":["post-2111","post","type-post","status-publish","format-standard","hentry","category-cour-europeenne-des-droits-de-lhomme"],"modified_by":"loisdumonde","_links":{"self":[{"href":"https:\/\/loisdumonde.com\/index.php?rest_route=\/wp\/v2\/posts\/2111","targetHints":{"allow":["GET"]}}],"collection":[{"href":"https:\/\/loisdumonde.com\/index.php?rest_route=\/wp\/v2\/posts"}],"about":[{"href":"https:\/\/loisdumonde.com\/index.php?rest_route=\/wp\/v2\/types\/post"}],"author":[{"embeddable":true,"href":"https:\/\/loisdumonde.com\/index.php?rest_route=\/wp\/v2\/users\/1"}],"replies":[{"embeddable":true,"href":"https:\/\/loisdumonde.com\/index.php?rest_route=%2Fwp%2Fv2%2Fcomments&post=2111"}],"version-history":[{"count":1,"href":"https:\/\/loisdumonde.com\/index.php?rest_route=\/wp\/v2\/posts\/2111\/revisions"}],"predecessor-version":[{"id":2112,"href":"https:\/\/loisdumonde.com\/index.php?rest_route=\/wp\/v2\/posts\/2111\/revisions\/2112"}],"wp:attachment":[{"href":"https:\/\/loisdumonde.com\/index.php?rest_route=%2Fwp%2Fv2%2Fmedia&parent=2111"}],"wp:term":[{"taxonomy":"category","embeddable":true,"href":"https:\/\/loisdumonde.com\/index.php?rest_route=%2Fwp%2Fv2%2Fcategories&post=2111"},{"taxonomy":"post_tag","embeddable":true,"href":"https:\/\/loisdumonde.com\/index.php?rest_route=%2Fwp%2Fv2%2Ftags&post=2111"}],"curies":[{"name":"wp","href":"https:\/\/api.w.org\/{rel}","templated":true}]}}